[{"@context":"https:\/\/schema.org\/","@type":"Article","@id":"https:\/\/www.kabir.cz\/soucasna-politicka-krize\/#Article","mainEntityOfPage":"https:\/\/www.kabir.cz\/soucasna-politicka-krize\/","headline":"Sou\u010dasn\u00e1 politick\u00e1 krize","name":"Sou\u010dasn\u00e1 politick\u00e1 krize","description":"Politick\u00e1 krize se vyzna\u010duje t\u00edm, \u017ee je to hlavn\u011b p\u0159echodn\u00e1 f\u00e1ze. V krizi nejsou politikov\u00e9 schopni naj\u00edt spole\u010dn\u00e9 \u0159e\u0161en\u00ed. A to v mnoha p\u0159\u00edpadech a [&hellip;]","datePublished":"2022-07-26","dateModified":"2023-05-02","author":{"@type":"Person","@id":"https:\/\/www.kabir.cz\/author\/#Person","name":"","url":"https:\/\/www.kabir.cz\/author\/","identifier":1,"image":{"@type":"ImageObject","@id":"https:\/\/secure.gravatar.com\/avatar\/40b5f3ce562f556955b189273c919e65fd2efecc17411a60d9172af88d0e5d58?s=96&d=mm&r=g","url":"https:\/\/secure.gravatar.com\/avatar\/40b5f3ce562f556955b189273c919e65fd2efecc17411a60d9172af88d0e5d58?s=96&d=mm&r=g","height":96,"width":96}},"publisher":{"@type":"Organization","name":"kabir.cz","logo":{"@type":"ImageObject","@id":"\/logo.png","url":"\/logo.png","width":600,"height":60}},"image":{"@type":"ImageObject","@id":"https:\/\/www.kabir.cz\/wp-content\/uploads\/eu-flag-2108026_640.jpg","url":"https:\/\/www.kabir.cz\/wp-content\/uploads\/eu-flag-2108026_640.jpg","height":0,"width":0},"url":"https:\/\/www.kabir.cz\/soucasna-politicka-krize\/","about":["Politika"],"wordCount":461,"articleBody":"Politick\u00e1 krize se vyzna\u010duje t\u00edm, \u017ee je to hlavn\u011b p\u0159echodn\u00e1 f\u00e1ze. V krizi nejsou politikov\u00e9 schopni naj\u00edt spole\u010dn\u00e9 \u0159e\u0161en\u00ed. A to v mnoha p\u0159\u00edpadech a ohledech naprosto \u017e\u00e1dn\u00e9. I p\u0159es v\u0161echny jejich snahy. A t\u00edm p\u00e1dem to m\u00e1 dopad na na\u0161i spole\u010dnost a jej\u00ed obyvatelstvo. D\u00edky politick\u00e9 krizi jsou ob\u010dan\u00e9 neust\u00e1le udr\u017eovan\u00ed v nejistot\u011b a jsou pochopiteln\u011b znateln\u011b nervn\u00ed. A to je t\u0159eba vy\u0159e\u0161it. D\u00e1t jim ur\u010dit\u00e9 jistoty, \u017ee se z toho najde v\u00fdchodisko a nic jim v \u017e\u00e1dn\u00e9m p\u0159\u00edpad\u011b nehroz\u00ed. Nejv\u011bt\u0161\u00ed dopad na n\u00e1s nepochybn\u011b m\u00e1 v\u00e1le\u010dn\u00fd konflikt mezi Ruskem a Ukrajinou. \u010cesk\u00e1 republika se rozhodla, \u017ee se postav\u00ed na stranu Ukrajiny.A sna\u017e\u00ed se j\u00ed ze v\u0161ech sv\u00fdch sil pom\u00e1hat. Ale jsou na tom biti ob\u010dan\u00e9 na\u0161\u00ed zem\u011b. Ukrajina se stala samostatn\u00fdm st\u00e1tem a\u017e v roce 1991. Rusk\u00fd prezident Putin se neust\u00e1le h\u00e1j\u00ed t\u00edm, \u017ee Ukrajina byla vytvo\u0159ena Ruskem a rusk\u00fdmi komunisty. Ukrajina v\u017edy cht\u011bla dos\u00e1hnout samostatnosti, proto\u017ee doch\u00e1zelo k utla\u010dov\u00e1n\u00ed jejich jazyka, historie a tradic. Dal\u0161\u00ed konflikty byly v minulosti kv\u016fli Krymsk\u00e9mu poloostrovu. Ten se v roce 1991 stal autonomn\u00ed republikou Krym a spadal pod \u00fazem\u00ed Ukrajiny. V roce 2014 a pot\u00e9 i v roce 2015 byly podeps\u00e1ny m\u00edrov\u00e9 dohody. Putin v sou\u010dasn\u00e9 dob\u011b podepsal dekrety, kde Rusko uzn\u00e1v\u00e1 nez\u00e1vislost Don\u011bck\u00e9 lidov\u00e9 republiky a Lohansk\u00e9 lidov\u00e9 republiky. A n\u00e1sledn\u011b obvinil Ukrajinu, \u017ee chyst\u00e1 nov\u00e9 vojensk\u00e9 operace pr\u00e1v\u011b v Dombasu. Rusku toti\u017e tak\u00e9 vad\u00ed, \u017ee Ukrajina spolupracuje s Amerikou a NATEM a cht\u011bla do n\u011bj v minulosti vstoupit. S leaders obou republik podepsal Putin dohody. A hned vz\u00e1p\u011bt\u00ed v obou republik\u00e1ch zah\u00e1jil m\u00edrovou misi. Evropsk\u00e1 unie a NATO uvalily sankce na Rusko v ohromn\u00fdch d\u00e1vk\u00e1ch. Ale nakonec z toho Rusko je\u0161t\u011b z\u00edsk\u00e1v\u00e1 profit. Nejlep\u0161\u00ed \u0159e\u0161en\u00ed jak pro n\u00e1s, tak pro Ukrajinu a Rusko by bylo p\u0159\u00edm\u011b\u0159\u00ed. Dal\u0161\u00ed mo\u017enost\u00ed by bylo, \u017ee by se konflikt stal trval\u00fdm. Evropsk\u00e1 unie by t\u00edm p\u00e1dem musela co nejrychleji vy\u0159e\u0161it probl\u00e9m s p\u0159\u00edsunem plynu pro sv\u00e9 obyvatele. V\u010detn\u011b na\u0161\u00ed \u010cesk\u00e9 republiky. A posledn\u00ed mo\u017enost\u00ed by bylo vypuknut\u00ed v\u00e1lky mezi NATEM a Ruskem. Ale t\u00e9to mo\u017enosti se sna\u017e\u00ed NATO jakkoliv vyhnout. Proto\u017ee n\u00e1sledky by to m\u011blo obrovsk\u00e9. Dalo by se mluvit o t\u0159et\u00ed sv\u011btov\u00e9 v\u00e1lce. A nikdo si nedok\u00e1\u017ee a ani\u00a0nechce p\u0159edstavit jak\u00e9 v\u0161echny hr\u016fzy bychom mohli za\u017e\u00edt.\u00a0                                                                                                                                                                                                                                                                                                                                                                                        5\/5 - (1 vote)        "},{"@context":"https:\/\/schema.org\/","@type":"BreadcrumbList","itemListElement":[{"@type":"ListItem","position":1,"name":"Sou\u010dasn\u00e1 politick\u00e1 krize","item":"https:\/\/www.kabir.cz\/soucasna-politicka-krize\/#breadcrumbitem"}]}]