[{"@context":"https:\/\/schema.org\/","@type":"Article","@id":"https:\/\/www.kabir.cz\/spolecnost-na-vanoce\/#Article","mainEntityOfPage":"https:\/\/www.kabir.cz\/spolecnost-na-vanoce\/","headline":"Spole\u010dnost na V\u00e1noce","name":"Spole\u010dnost na V\u00e1noce","description":"Jsou rodiny a rodiny. N\u011bkter\u00e9 rodiny jsou spolu u\u017e na \u0160t\u011bdr\u00fd den a n\u011bkter\u00e9 jsou spolu a\u017e na dal\u0161\u00ed den. Je to hodn\u011b o tom, [&hellip;]","datePublished":"2022-06-08","dateModified":"2023-05-02","author":{"@type":"Person","@id":"https:\/\/www.kabir.cz\/author\/#Person","name":"","url":"https:\/\/www.kabir.cz\/author\/","identifier":1,"image":{"@type":"ImageObject","@id":"https:\/\/secure.gravatar.com\/avatar\/40b5f3ce562f556955b189273c919e65fd2efecc17411a60d9172af88d0e5d58?s=96&d=mm&r=g","url":"https:\/\/secure.gravatar.com\/avatar\/40b5f3ce562f556955b189273c919e65fd2efecc17411a60d9172af88d0e5d58?s=96&d=mm&r=g","height":96,"width":96}},"publisher":{"@type":"Organization","name":"kabir.cz","logo":{"@type":"ImageObject","@id":"\/logo.png","url":"\/logo.png","width":600,"height":60}},"image":{"@type":"ImageObject","@id":"https:\/\/www.kabir.cz\/wp-content\/uploads\/v%C3%A1no.JPG","url":"https:\/\/www.kabir.cz\/wp-content\/uploads\/v%C3%A1no.JPG","height":0,"width":0},"url":"https:\/\/www.kabir.cz\/spolecnost-na-vanoce\/","about":["Spole\u010dnost"],"wordCount":462,"articleBody":"Jsou rodiny a rodiny. N\u011bkter\u00e9 rodiny jsou spolu u\u017e na \u0160t\u011bdr\u00fd den a n\u011bkter\u00e9 jsou spolu a\u017e na dal\u0161\u00ed den. Je to hodn\u011b o tom, jak\u00e9 vztahy jsou v\u00a0dan\u00e9 rodin\u011b.\u00a0V\u011bt\u0161inou to b\u00fdv\u00e1 tak, \u017ee nejbli\u017e\u0161\u00ed rodina je spolu 24. prosince a \u0161ir\u0161\u00ed rodina se potk\u00e1 25. prosince. Jsou ale i rodiny, kter\u00e9 se sch\u00e1zej\u00ed cel\u00e9 a to pr\u00e1v\u011b 24. prosince.\u00a0Je ur\u010dit\u011b vhodn\u00e9 zv\u00e1\u017eit, s\u00a0k\u00fdm tr\u00e1vit V\u00e1noce a s\u00a0k\u00fdm rad\u011bji ne, jeliko\u017e jsou i takov\u00e9 rodiny, kde to nen\u00ed vztahov\u011b p\u0159\u00edli\u0161 dobr\u00e9 a pokud nechcete m\u00edt zka\u017een\u00e9 V\u00e1noce, bude nejlep\u0161\u00ed se s\u00a0lidmi, se kter\u00fdmi si nerozum\u00edte, se nest\u00fdkat.To, \u017ee n\u011bco takov\u00e9ho n\u011bkdo nepochop\u00ed, nen\u00ed nic, \u010d\u00edm byste se m\u011bli zaob\u00edrat, proto\u017ee n\u011bkte\u0159\u00ed lid\u00e9 prost\u011b nepochop\u00ed, pro\u010d v\u00e1m dan\u00fd \u010dlov\u011bk nesed\u00ed, kdy\u017e jemu sed\u00ed. Jestli\u017ee m\u00e1te tedy v\u00a0rodin\u011b n\u011bkoho, koho nemus\u00edte, co\u017e m\u016f\u017ee b\u00fdt nap\u0159\u00edklad nov\u00fd p\u0159\u00edtel va\u0161\u00ed maminky a nechcete s\u00a0n\u00edm tr\u00e1vit V\u00e1noce, nemus\u00edte. Je to pochopiteln\u00e9.Jestli\u017ee m\u00e1te nap\u0159\u00edklad sv\u00e9ho vlastn\u00edho p\u0159\u00edtele, kter\u00fd by byl ochoten s\u00a0V\u00e1mi tr\u00e1vit V\u00e1noce, m\u016f\u017eete je klidn\u011b tr\u00e1vit spolu. Je ur\u010dit\u011b lep\u0161\u00ed tr\u00e1vit n\u011bco takov\u00e9ho s\u00a0n\u011bk\u00fdm, koho m\u00e1te r\u00e1di, ne\u017e s\u00a0n\u011bk\u00fdm, koho p\u0159\u00edli\u0161 v\u00a0l\u00e1sce nem\u00e1te a zbyte\u010dn\u011b byste byli z\u00a0V\u00e1noc zklaman\u00ed.Ka\u017ed\u00fd \u010dlov\u011bk, kter\u00fd m\u00e1 v\u00a0rodin\u011b n\u011bkoho, koho nemus\u00ed, by se m\u011bl rozhodnout tak, jak uzn\u00e1 za vhodn\u00e9 a nikoliv podle toho, co cht\u011bj\u00ed ostatn\u00ed. Vy budete t\u011bmi, kte\u0159\u00ed budou m\u00edt zka\u017een\u00e9 V\u00e1noce a ne ostatn\u00ed.V\u00e1noce jsou sv\u00e1tky, kter\u00e9 m\u00e1 v\u00a0l\u00e1sce mnoho lid\u00ed, ale najde se i spousta t\u011bch, kte\u0159\u00ed V\u00e1noce p\u0159\u00edli\u0161 nemus\u00ed a to pr\u00e1v\u011b z\u00a0toho d\u016fvodu, \u017ee je ka\u017ed\u00fd rok mus\u00ed tr\u00e1vit s\u00a0n\u011bk\u00fdm, koho nap\u0159\u00edklad nemaj\u00ed r\u00e1di nebo jim vad\u00ed, jak se lid\u00e9 p\u0159es V\u00e1noce chovaj\u00ed, jeliko\u017e je neust\u00e1le n\u011bkdo v\u00a0obchod\u011b, tak\u017ee si \u010dlov\u011bk ani v\u00a0klidu nenakoup\u00ed bez toho, ani\u017e by mu n\u011bkdo n\u011bco nebral pomalu z\u00a0ko\u0161\u00edku apod.V\u00e1noce se i letos u\u017e velmi rychle bl\u00ed\u017e\u00ed a je proto dobr\u00e9 promyslet, jak je letos budete tr\u00e1vit. I kdyby m\u011bl b\u00fdt \u010dlov\u011bk na V\u00e1noce s\u00e1m, je to mnohdy mnohem lep\u0161\u00ed, ne\u017e je tr\u00e1vit s\u00a0n\u011bk\u00fdm, kdo by v\u00e1m je tak akor\u00e1t zkazil.                                                                                                                                                                                                                                                                                                                                                                                        4\/5 - (2 votes)        "},{"@context":"https:\/\/schema.org\/","@type":"BreadcrumbList","itemListElement":[{"@type":"ListItem","position":1,"name":"Spole\u010dnost na V\u00e1noce","item":"https:\/\/www.kabir.cz\/spolecnost-na-vanoce\/#breadcrumbitem"}]}]