[{"@context":"https:\/\/schema.org\/","@type":"Article","@id":"https:\/\/www.kabir.cz\/usetrime-vam-starosti-a-cas-straveny-uklidem\/#Article","mainEntityOfPage":"https:\/\/www.kabir.cz\/usetrime-vam-starosti-a-cas-straveny-uklidem\/","headline":"U\u0161et\u0159\u00edme v\u00e1m starosti a \u010das str\u00e1ven\u00fd \u00faklidem","name":"U\u0161et\u0159\u00edme v\u00e1m starosti a \u010das str\u00e1ven\u00fd \u00faklidem","description":"B\u011bhem zimy nen\u00ed nic hor\u0161\u00edho, ne\u017e se pot\u00fdkat s neust\u00e1l\u00fdm \u00faklidem kv\u016fli nekvalitn\u00edm produkt\u016fm. St\u0159e\u0161n\u00ed okna mus\u00ed b\u00fdt ze skute\u010dn\u011b kvalitn\u00edho materi\u00e1lu a mus\u00ed m\u00edt [&hellip;]","datePublished":"2025-01-09","dateModified":"2025-01-09","author":{"@type":"Person","@id":"https:\/\/www.kabir.cz\/author\/#Person","name":"","url":"https:\/\/www.kabir.cz\/author\/","identifier":1,"image":{"@type":"ImageObject","@id":"https:\/\/secure.gravatar.com\/avatar\/40b5f3ce562f556955b189273c919e65fd2efecc17411a60d9172af88d0e5d58?s=96&d=mm&r=g","url":"https:\/\/secure.gravatar.com\/avatar\/40b5f3ce562f556955b189273c919e65fd2efecc17411a60d9172af88d0e5d58?s=96&d=mm&r=g","height":96,"width":96}},"publisher":{"@type":"Organization","name":"kabir.cz","logo":{"@type":"ImageObject","@id":"\/logo.png","url":"\/logo.png","width":600,"height":60}},"url":"https:\/\/www.kabir.cz\/usetrime-vam-starosti-a-cas-straveny-uklidem\/","wordCount":236,"articleBody":"B\u011bhem zimy nen\u00ed nic hor\u0161\u00edho, ne\u017e se pot\u00fdkat s neust\u00e1l\u00fdm \u00faklidem kv\u016fli nekvalitn\u00edm produkt\u016fm. St\u0159e\u0161n\u00ed okna mus\u00ed b\u00fdt ze skute\u010dn\u011b kvalitn\u00edho materi\u00e1lu a mus\u00ed m\u00edt kvalitn\u00ed izolaci, kter\u00e1 v\u00e1m zajist\u00ed tepelnou i zvukovou izolaci, vodot\u011bsnost i odolnost proti vzniku kondenzace. Pr\u00e1v\u011b kondenz\u00e1t se v zim\u011b tvo\u0159\u00ed \u010dasto a velice r\u00e1d ni\u010d\u00ed interi\u00e9r. S n\u00e1mi se v\u00e1m dostane v\u0161ech v\u00fdhod a vlastnost\u00ed, kter\u00e9 byste si u tohoto produktu mohli p\u0159\u00e1t a kter\u00e9 v\u00e1m snadno a kdykoli zajist\u00ed \u00fa\u017easn\u00fd komfort ve va\u0161em n\u00e1dhern\u00e9m podkrovn\u00edm byt\u011b. U\u017e nikdy si nebudete muset d\u011blat starosti s vodou v interi\u00e9ru. V\u00fdhody si u n\u00e1s m\u016f\u017eete u\u017e\u00edt i v oblasti slu\u017eeb M\u00e1te pocit, \u017ee kr\u00e1sn\u00fd, vzhledov\u011b zaj\u00edmav\u00fd a kvalitn\u00ed produkt je dost? My v\u00e1s p\u0159esv\u011bd\u010d\u00edme o opaku. B\u011bhem ka\u017ed\u00e9 koup\u011b byste m\u011bli myslet i na slu\u017eby, kter\u00e9 v\u00e1m v\u00e1\u0161 dodavatel dok\u00e1\u017ee poskytnout. U n\u00e1s se do\u010dk\u00e1te nejen prodlou\u017een\u00e9 z\u00e1ru\u010dn\u00ed doby na \u00fa\u017easn\u00fdch 10 let, ale tak\u00e9 dvou r\u016fzn\u00fdch druh\u016f n\u00e1vod\u016f, kter\u00e9 v\u00e1s provedou mont\u00e1\u017e\u00ed sv\u00e9pomoc\u00ed krok za krokem a ujist\u00ed v\u00e1s, \u017ee to d\u011bl\u00e1te dob\u0159e.                                                                                                                                                                                                                                                                                                                                                                                        4.3\/5 - (6 votes)        "},{"@context":"https:\/\/schema.org\/","@type":"BreadcrumbList","itemListElement":[{"@type":"ListItem","position":1,"name":"U\u0161et\u0159\u00edme v\u00e1m starosti a \u010das str\u00e1ven\u00fd \u00faklidem","item":"https:\/\/www.kabir.cz\/usetrime-vam-starosti-a-cas-straveny-uklidem\/#breadcrumbitem"}]}]