[{"@context":"https:\/\/schema.org\/","@type":"Article","@id":"https:\/\/www.kabir.cz\/v-cem-chodite-do-prirody\/#Article","mainEntityOfPage":"https:\/\/www.kabir.cz\/v-cem-chodite-do-prirody\/","headline":"V \u010dem chod\u00edte do p\u0159\u00edrody?","name":"V \u010dem chod\u00edte do p\u0159\u00edrody?","description":"Pralid\u00e9, tedy na\u0161i prap\u0159edci, se sice potulovali p\u0159\u00edrodou naz\u00ed a bos\u00ed, ale to u\u017e bylo hodn\u011b d\u00e1vno. Od t\u011bch dob se mnoh\u00e9 zm\u011bnilo, a kdybychom [&hellip;]","datePublished":"2022-10-23","dateModified":"2023-05-02","author":{"@type":"Person","@id":"https:\/\/www.kabir.cz\/author\/#Person","name":"","url":"https:\/\/www.kabir.cz\/author\/","identifier":1,"image":{"@type":"ImageObject","@id":"https:\/\/secure.gravatar.com\/avatar\/40b5f3ce562f556955b189273c919e65fd2efecc17411a60d9172af88d0e5d58?s=96&d=mm&r=g","url":"https:\/\/secure.gravatar.com\/avatar\/40b5f3ce562f556955b189273c919e65fd2efecc17411a60d9172af88d0e5d58?s=96&d=mm&r=g","height":96,"width":96}},"publisher":{"@type":"Organization","name":"kabir.cz","logo":{"@type":"ImageObject","@id":"\/logo.png","url":"\/logo.png","width":600,"height":60}},"image":{"@type":"ImageObject","@id":"https:\/\/www.kabir.cz\/wp-content\/uploads\/boty_na_dlazbe_EIgPiH.jpg","url":"https:\/\/www.kabir.cz\/wp-content\/uploads\/boty_na_dlazbe_EIgPiH.jpg","height":0,"width":0},"url":"https:\/\/www.kabir.cz\/v-cem-chodite-do-prirody\/","about":["Produkty"],"wordCount":425,"articleBody":"       Pralid\u00e9, tedy na\u0161i prap\u0159edci, se sice potulovali p\u0159\u00edrodou naz\u00ed a bos\u00ed, ale to u\u017e bylo hodn\u011b d\u00e1vno. Od t\u011bch dob se mnoh\u00e9 zm\u011bnilo, a kdybychom se na\u0161imi luhy a h\u00e1ji cht\u011bli podobn\u011b pohybovat dnes, d\u00e1 se p\u0159edpokl\u00e1dat, \u017ee bychom vzbudili opravdov\u00fd z\u00e1jem, ale dob\u0159e by n\u00e1m z n\u011bj nebylo. Proto\u017ee by se ka\u017ed\u00fd kolem bu\u010f dob\u0159e bavil, nebo se zaj\u00edmal o to, zda m\u00e1me v\u0161ech p\u011bt pohromad\u011b a zda nem\u00e1me o kole\u010dko v\u00edc.  A to by v podobn\u00e9 situaci nebyla jedin\u00e1 nep\u0159\u00edjemnost. Kdybychom se objevili v p\u0159\u00edrod\u011b tak, jak n\u00e1s p\u00e1nb\u016fh stvo\u0159il, bylo by n\u00e1m tam vesm\u011bs chladno a ne\u017e bychom se nad\u00e1li, m\u011bli bychom p\u0159inejmen\u0161\u00edm chodidla sam\u00fd \u0161r\u00e1m a sam\u00fd puch\u00fd\u0159. A pak by se n\u00e1m \u0161lo jenom velice obt\u00ed\u017en\u011b d\u00e1l. A tak my lid\u00e9 obvykle nos\u00edme oble\u010den\u00ed a boty. A to, pokud mo\u017eno n\u011bco, co odpov\u00edd\u00e1 situaci, ve kter\u00e9 se ocit\u00e1me. A co je to nejlep\u0161\u00ed, co si m\u016f\u017eeme obout na nohy, pokud vyr\u00e1\u017e\u00edme n\u011bkam do neupraven\u00e9 a nedokonal\u00e9 p\u0159\u00edrody? V\u011b\u0159te mi, \u017ee to nejlep\u0161\u00ed nese n\u00e1zev trekov\u00e9 boty. Jist\u011b, i jin\u00e1 obuv by n\u00e1m n\u011bkde v p\u0159\u00edrod\u011b mohla prok\u00e1zat dobr\u00e9 slu\u017eby, ale zm\u00edn\u011bn\u00e1 obuv je v tomto ohledu p\u0159ece jenom mnohem dokonalej\u0161\u00ed. Kdy\u017e si vezmeme na hory, do les\u016f nebo na podobn\u00e1 m\u00edsta se slo\u017eit\u00fdm ter\u00e9nem trekovou obuv, m\u00e1me jistotu, \u017ee vybrali-li jsme si tu spr\u00e1vnou velikost a variantu, budeme se tu c\u00edtit doopravdy komfortn\u011b. Proto\u017ee takov\u00e9 boty pak netla\u010d\u00ed, nepromokaj\u00ed ani lehce nepromrzaj\u00ed, a d\u00edky tomu jsou v nich nohy jako v bavlnce. Na rozd\u00edl od jin\u00e9 obuvi, kter\u00e1 obvykle tak dokonal\u00e1 nen\u00ed a na kterou se tedy m\u016f\u017eeme jenom t\u011b\u017eko spolehnout.  I dnes se tedy m\u016f\u017eeme potulovat krajinou a obdivovat jej\u00ed kr\u00e1sy, stejn\u011b jako to \u010dinili u\u017e i nejd\u00e1vn\u011bj\u0161\u00ed p\u0159edch\u016fdci n\u00e1s, lid\u00ed. Ale na rozd\u00edl od p\u0159edk\u016f, kte\u0159\u00ed toho moc k dispozici nem\u011bli, se m\u016f\u017eeme na takov\u00e9 t\u00fary p\u0159ipravit daleko l\u00e9pe. A v trekov\u00fdch bot\u00e1ch je to neopakovateln\u00fd z\u00e1\u017eitek. Jak\u00fd n\u00e1m z\u00e1vid\u00ed v\u0161ichni, kdo se n\u011bkde v ter\u00e9nu potuluj\u00ed v nedokonal\u00e9m obut\u00ed.                                                                                                                                                                                                                                                                                                                                                                                         4.7\/5 - (7 votes)        "},{"@context":"https:\/\/schema.org\/","@type":"BreadcrumbList","itemListElement":[{"@type":"ListItem","position":1,"name":"V \u010dem chod\u00edte do p\u0159\u00edrody?","item":"https:\/\/www.kabir.cz\/v-cem-chodite-do-prirody\/#breadcrumbitem"}]}]