[{"@context":"https:\/\/schema.org\/","@type":"Article","@id":"https:\/\/www.kabir.cz\/vyklizeni-domu-co-delat-kdyz-to-nejde-v-jedne-osobe\/#Article","mainEntityOfPage":"https:\/\/www.kabir.cz\/vyklizeni-domu-co-delat-kdyz-to-nejde-v-jedne-osobe\/","headline":"Vyklizen\u00ed domu &#8211; co d\u011blat kdy\u017e to nejde v jedn\u00e9 osob\u011b?","name":"Vyklizen\u00ed domu &#8211; co d\u011blat kdy\u017e to nejde v jedn\u00e9 osob\u011b?","description":"V dne\u0161n\u00ed dob\u011b pln\u00e9 nejist\u00fdch ud\u00e1lost\u00ed a nov\u00fdch \u017eivotn\u00edch situac\u00ed je mo\u017en\u00e9, \u017ee i vy se z n\u011bjak\u00fdch d\u016fvod\u016f rozhodnete o st\u011bhov\u00e1n\u00ed do nemovitosti, kter\u00e1 [&hellip;]","datePublished":"2022-10-16","dateModified":"2023-05-02","author":{"@type":"Person","@id":"https:\/\/www.kabir.cz\/author\/#Person","name":"","url":"https:\/\/www.kabir.cz\/author\/","identifier":1,"image":{"@type":"ImageObject","@id":"https:\/\/secure.gravatar.com\/avatar\/40b5f3ce562f556955b189273c919e65fd2efecc17411a60d9172af88d0e5d58?s=96&d=mm&r=g","url":"https:\/\/secure.gravatar.com\/avatar\/40b5f3ce562f556955b189273c919e65fd2efecc17411a60d9172af88d0e5d58?s=96&d=mm&r=g","height":96,"width":96}},"publisher":{"@type":"Organization","name":"kabir.cz","logo":{"@type":"ImageObject","@id":"\/logo.png","url":"\/logo.png","width":600,"height":60}},"image":{"@type":"ImageObject","@id":"https:\/\/www.kabir.cz\/wp-content\/uploads\/junk-g8f32a2aa7_1920.jpg","url":"https:\/\/www.kabir.cz\/wp-content\/uploads\/junk-g8f32a2aa7_1920.jpg","height":0,"width":0},"url":"https:\/\/www.kabir.cz\/vyklizeni-domu-co-delat-kdyz-to-nejde-v-jedne-osobe\/","about":["Byznys"],"wordCount":431,"articleBody":"       V dne\u0161n\u00ed dob\u011b pln\u00e9 nejist\u00fdch ud\u00e1lost\u00ed a nov\u00fdch \u017eivotn\u00edch situac\u00ed je mo\u017en\u00e9, \u017ee i vy se z n\u011bjak\u00fdch d\u016fvod\u016f rozhodnete o st\u011bhov\u00e1n\u00ed do nemovitosti, kter\u00e1 odpov\u00edd\u00e1 va\u0161im p\u0159edstav\u00e1m a po\u017eadavk\u016fm v\u00edce ne\u017e ta st\u00e1vaj\u00edc\u00ed. Jen\u017ee, asi nikomu se nechce vyst\u011bhovat se z moment\u00e1ln\u00edho domu, ve kter\u00e9m se za dobu jeho ob\u00fdv\u00e1n\u00ed nashrom\u00e1\u017edilo velk\u00e9 mno\u017estv\u00ed v\u011bc\u00ed, kter\u00e9 jsou v\u00e1m nyn\u00ed ji\u017e k ni\u010demu a vlastn\u011b t\u0159eba ani nev\u00edte, \u017ee je st\u00e1le je\u0161t\u011b vlastn\u00edte ve sv\u00e9 dom\u00e1cnosti. Ve stejn\u011b prek\u00e9rn\u00ed situaci se m\u016f\u017eete nach\u00e1zet tak\u00e9 ve chv\u00edli, kdy pronaj\u00edm\u00e1te byt a nep\u0159izp\u016fsobiv\u00ed n\u00e1jemn\u00edci ho sice nezdemoluj\u00ed, ale ve\u0161ker\u00e9 sv\u00e9 vybaven\u00ed nechaj\u00ed na tomto m\u00edst\u011b i p\u0159es opakovan\u00e9 v\u00fdzvy k jeho vyst\u011bhov\u00e1n\u00ed \u010di zd\u011bd\u00edte byt po zesnul\u00e9m p\u0159\u00edslu\u0161n\u00edku va\u0161eho rodinn\u00e9ho klanu. Up\u0159\u00edmn\u011b \u0159e\u010deno, asi nikomu by se takto rozs\u00e1hl\u00fd \u00faklid, t\u0159\u00edd\u011bn\u00ed a n\u00e1sledn\u00fd odvoz v\u011bc\u00ed do sb\u011brn\u00e9ho dvora necht\u011bl prov\u00e1d\u011bt dobrovoln\u011b a samostatn\u011b. Jen\u017ee, jak se vypo\u0159\u00e1dat s t\u00edm, kdy\u017e se do n\u011bkter\u00e9 z v\u00fd\u0161e uveden\u00fdch situac\u00ed prost\u011b a jednodu\u0161e dostanete a n\u011bjak nem\u00e1te kapacitu \u010di s\u00edlu se do t\u00e9to akce vrhnout na vlastn\u00ed p\u011bst? Dnes ji\u017e m\u016f\u017eete vyu\u017e\u00edt slu\u017eeb firem, kter\u00e9 provedou \u00faklidov\u00e9 i vykl\u00edzec\u00ed pr\u00e1ce a danou nemovitost, a\u0165 u\u017e se jedn\u00e1 o chalupu, chatu, bytov\u00fd \u010di rodinn\u00fd d\u016fm, v\u00e1m vr\u00e1t\u00ed v naprosto vyklizen\u00e9m stavu. Samoz\u0159ejm\u011b tedy nen\u00ed dobr\u00e9 t\u011bchto slu\u017eeb vyu\u017e\u00edt, jestli\u017ee hled\u00e1te n\u011bjak\u00e9 pam\u00e1te\u010dn\u00ed p\u0159edm\u011bty \u010di v\u011bci, kter\u00e9 pro v\u00e1s m\u011bly ur\u010ditou citovou hodnotu, ale pokud v\u00e1m jde pouze o odstran\u011bn\u00ed v\u011bc\u00ed, kter\u00e9 vy osobn\u011b nepot\u0159ebujete a vyklizen\u00ed nemovitosti nem\u00e1te \u010das, jedn\u00e1 se zcela jist\u011b o volbu naprosto ur\u010denou pro v\u00e1s. Uvid\u00edte, \u017ee u\u0161et\u0159\u00edte mnoho \u010dasu i stresu a budete moci pro\u017e\u00edt n\u011bkolik dn\u00ed jinak ne\u017e zd\u00e1nliv\u011b nekone\u010dn\u00fdm \u00faklidem p\u0159edm\u011bt\u016f, kter\u00e9 byste nejrad\u011bji ani nevid\u011bli, nato\u017e abyste je vzali do rukou a museli se jimi zab\u00fdvat ve voln\u00fdch chv\u00edl\u00edch, kter\u00fdch je \u010dasto m\u00e1lo.                                                                                                                                                                                                                                                                                                                                                                                          4\/5 - (3 votes)        "},{"@context":"https:\/\/schema.org\/","@type":"BreadcrumbList","itemListElement":[{"@type":"ListItem","position":1,"name":"Vyklizen\u00ed domu &#8211; co d\u011blat kdy\u017e to nejde v jedn\u00e9 osob\u011b?","item":"https:\/\/www.kabir.cz\/vyklizeni-domu-co-delat-kdyz-to-nejde-v-jedne-osobe\/#breadcrumbitem"}]}]